{"id":1392,"date":"2024-01-31T08:48:04","date_gmt":"2024-01-31T06:48:04","guid":{"rendered":"https:\/\/activeyouth4life.eu\/4th-newsletter-active-youth-4-life-final-steps\/"},"modified":"2026-02-13T13:22:51","modified_gmt":"2026-02-13T11:22:51","slug":"4th-newsletter-active-youth-4-life-final-steps","status":"publish","type":"post","link":"https:\/\/activeyouth4life.eu\/bs\/4th-newsletter-active-youth-4-life-final-steps\/","title":{"rendered":"4th Newsletter: ACTIVE YOUTH 4 LIFE ZAVR\u0160NI KORACI"},"content":{"rendered":"<p>Odu\u0161evljeni smo \u0161to mo\u017eemo s vama podijeliti najnovija dostignu\u0107a Erasmus Plus projekta \u201eAktivni mladi 4 \u017eivot\u201c. Od 30. novembra do 1. decembra 2023. projektni partneri okupili su se u Vird\u017einiji na finalnom TPM-u, uzbudljivom trenutku u kojem su finalizirani detalji preostalih aktivnosti. Tokom ovog sastanka, na\u0161i partneri su marljivo radili na razvoju klju\u010dnih strategija koje bi maksimizirale pozitivne uticaje na \u017eivote uklju\u010denih mladih. Ovaj sastanak predstavlja klju\u010dno poglavlje na na\u0161em putu, vrijedan trenutak za razmi\u0161ljanje o postignutim prekretnicama i izvla\u010denje zavr\u0161nih razmatranja o opipljivim uticajima projekta.<\/p>\n<p>Govore\u0107i o uticajima, \u017eelimo da istaknemo kako su posve\u0107enost i saradnja na\u0161ih partnera omogu\u0107ili uspeh\u201eActiveYouth4Lifea\u201c. Ova inicijativa je odigrala zna\u010dajnu ulogu u li\u010dnom razvoju i izgledima uklju\u010denih mladih. Bili smo svjedoci istinskog rasta klju\u010dnih kompetencija i osnovnih vje\u0161tina, neophodnih za njihovo li\u010dno ispunjenje, zapo\u0161ljivost, socijalnu uklju\u010denost, gra\u0111ansko u\u010de\u0161\u0107e i demokratiju. Projekat ACTIVEYOUTH4LIFE fokusirao se na ovaj klju\u010dni cilj: unapre\u0111enje i njegovanje aktivnog gra\u0111anstva kod mladih, gra\u0111ansko u\u010de\u0161\u0107e i ekolo\u0161ka svijest. Cilj nam je bio da obu\u010dimo odgovorne gra\u0111ane sposobne da usvoje odr\u017eive stilove \u017eivota i preuzmu odgovornost za \u017eivotnu sredinu, efikasno rje\u0161avaju\u0107i izazove u vezi s klimatskim promjenama kroz kultiviranje LIFEComp kompetencija.<\/p>\n<p>Reci mi vise&#8230;<\/p>\n<p>Imaju\u0107i to na umu, radili smo na specifi\u010dnim ciljevima, uklju\u010duju\u0107i podsticanje aktivnog gra\u0111anstva me\u0111u mladima, stvaranje<br \/>\nvi\u0161edimenzionalnog pristupa obuke prilagodljivog lokalnom, regionalnom i EU kontekstu i pru\u017eanje inovativnih praksi i alata poput snimanja filmova i ozbiljnih igara kroz &#8216;umjetnost pripovijedanje.<\/p>\n<p>Na\u0161a metodologija obuke zasnovana je na principima aktivnog u\u010denja zasnovanog na izazovima i dru\u0161tvenog konstruktivizma. Sa fokusom usmjerenim na u\u010denika i oboga\u0107enim participativnim i digitalnim pripovijedanjem, isporu\u010dili smo visoko motiviraju\u0107i i interaktivni sadr\u017eaj u online modu, usvajaju\u0107i oblike mije\u0161anog u\u010denja (licem u lice i online).<\/p>\n<p>Na\u0161a posve\u0107enost i dalje ostaje klju\u010dni prioritet za Evropsku komisiju, sa posebnim fokusom na pitanja \u017eivotne sredine i odr\u017eivosti. Vjerujemo da je na\u0161 projekt inovativan, uvode\u0107i novu metodologiju obuke koja promovira aktivno gra\u0111anstvo i svijest o odr\u017eivosti kroz razvoj LIFEComp kompetencija, povezanih s kreativnim sredstvima kao \u0161to su snimanje filmova, igranje igara i pripovijedanje. U me\u0111uvremenu, kako se svi multiplikativni doga\u0111aji odvijaju u razli\u010ditim uklju\u010denim partnerskim organizacijama, \u017eelimo da izrazimo na\u0161u zahvalnost u\u010desnicima i svim zainteresovanim stranama na njihovom vrednom doprinosu.<\/p>\n<p>Zahvaljujemo svakome od vas na va\u0161oj kontinuiranoj podr\u0161ci, a mi \u0107emo vas izvje\u0161tavati o budu\u0107im razvojima<br \/>\novog uzbudljivog projekta.<\/p>\n<p>HVALA VAM SVIMA!!<\/p>\n<p><img loading=\"lazy\" decoding=\"async\" class=\"aligncenter wp-image-1361 size-full\" src=\"https:\/\/activeyouth4life.eu\/wp-content\/uploads\/2024\/01\/Screenshot-2024-01-31-104733.png\" alt=\"\" width=\"543\" height=\"733\" srcset=\"https:\/\/activeyouth4life.eu\/wp-content\/uploads\/2024\/01\/Screenshot-2024-01-31-104733.png 543w, https:\/\/activeyouth4life.eu\/wp-content\/uploads\/2024\/01\/Screenshot-2024-01-31-104733-222x300.png 222w\" sizes=\"(max-width: 543px) 100vw, 543px\" \/><\/p>\n","protected":false},"excerpt":{"rendered":"<p>Odu\u0161evljeni smo \u0161to mo\u017eemo s vama podijeliti najnovija dostignu\u0107a Erasmus Plus projekta \u201eAktivni mladi 4 \u017eivot\u201c. Od 30. novembra do 1. decembra 2023. projektni partneri okupili su se u Vird\u017einiji na finalnom TPM-u, uzbudljivom trenutku u kojem su finalizirani detalji preostalih aktivnosti. Tokom ovog sastanka, na\u0161i partneri su marljivo radili na razvoju klju\u010dnih strategija koje [&hellip;]<\/p>\n","protected":false},"author":1,"featured_media":908,"comment_status":"closed","ping_status":"closed","sticky":false,"template":"","format":"standard","meta":{"footnotes":""},"categories":[32],"tags":[],"class_list":["post-1392","post","type-post","status-publish","format-standard","has-post-thumbnail","hentry","category-news-bs-2"],"_links":{"self":[{"href":"https:\/\/activeyouth4life.eu\/bs\/wp-json\/wp\/v2\/posts\/1392","targetHints":{"allow":["GET"]}}],"collection":[{"href":"https:\/\/activeyouth4life.eu\/bs\/wp-json\/wp\/v2\/posts"}],"about":[{"href":"https:\/\/activeyouth4life.eu\/bs\/wp-json\/wp\/v2\/types\/post"}],"author":[{"embeddable":true,"href":"https:\/\/activeyouth4life.eu\/bs\/wp-json\/wp\/v2\/users\/1"}],"replies":[{"embeddable":true,"href":"https:\/\/activeyouth4life.eu\/bs\/wp-json\/wp\/v2\/comments?post=1392"}],"version-history":[{"count":2,"href":"https:\/\/activeyouth4life.eu\/bs\/wp-json\/wp\/v2\/posts\/1392\/revisions"}],"predecessor-version":[{"id":1483,"href":"https:\/\/activeyouth4life.eu\/bs\/wp-json\/wp\/v2\/posts\/1392\/revisions\/1483"}],"wp:featuredmedia":[{"embeddable":true,"href":"https:\/\/activeyouth4life.eu\/bs\/wp-json\/wp\/v2\/media\/908"}],"wp:attachment":[{"href":"https:\/\/activeyouth4life.eu\/bs\/wp-json\/wp\/v2\/media?parent=1392"}],"wp:term":[{"taxonomy":"category","embeddable":true,"href":"https:\/\/activeyouth4life.eu\/bs\/wp-json\/wp\/v2\/categories?post=1392"},{"taxonomy":"post_tag","embeddable":true,"href":"https:\/\/activeyouth4life.eu\/bs\/wp-json\/wp\/v2\/tags?post=1392"}],"curies":[{"name":"wp","href":"https:\/\/api.w.org\/{rel}","templated":true}]}}