{"id":1286,"date":"2023-12-20T08:27:30","date_gmt":"2023-12-20T08:27:30","guid":{"rendered":"https:\/\/activeyouth4life.eu\/?p=1286"},"modified":"2026-02-13T13:21:45","modified_gmt":"2026-02-13T11:21:45","slug":"boletin-de-diciembre","status":"publish","type":"post","link":"https:\/\/activeyouth4life.eu\/es\/boletin-de-diciembre\/","title":{"rendered":"BOLET\u00cdN DE DICIEMBRE"},"content":{"rendered":"<p>Estamos encantados de compartir con vosotros las \u00faltimas novedades del proyecto Erasmus Plus \u00abActive Youth 4 Life\u00bb. Del 30 de noviembre al 1 de diciembre de 2023, los socios del proyecto se reunieron en Virginia para el TPM final, un momento emocionante en el que se ultimaron los detalles de las actividades restantes.<\/p>\n<p>Durante esta reuni\u00f3n, nuestros socios trabajaron diligentemente para desarrollar estrategias cruciales que maximizaran los impactos positivos en las vidas de los j\u00f3venes involucrados. Esta reuni\u00f3n representa un cap\u00edtulo fundamental en nuestro viaje, un momento valioso para reflexionar sobre los hitos alcanzados y extraer consideraciones finales sobre los impactos tangibles del proyecto.<\/p>\n<p>Hablando de impactos, queremos hacer hincapi\u00e9 en c\u00f3mo el compromiso y la colaboraci\u00f3n de nuestros socios hicieron posible el \u00e9xito de \u00abActiveYouth4Life\u00bb. Esta iniciativa desempe\u00f1\u00f3 un papel importante en el desarrollo personal y las perspectivas de los j\u00f3venes participantes. Asistimos a un crecimiento genuino de las competencias clave y habilidades b\u00e1sicas, esenciales para su realizaci\u00f3n personal, empleabilidad, inclusi\u00f3n social, participaci\u00f3n ciudadana y democracia.<\/p>\n<p>El proyecto ACTIVEYOUTH4LIFE se centr\u00f3 en este objetivo crucial: mejorar y cultivar la mentalidad de ciudadan\u00eda activa de los j\u00f3venes, la participaci\u00f3n c\u00edvica y la conciencia ambiental. Nuestro objetivo era formar ciudadanos responsables capaces de adoptar estilos de vida sostenibles y asumir la responsabilidad con el medio ambiente, abordando eficazmente los desaf\u00edos relacionados con el cambio clim\u00e1tico a trav\u00e9s del cultivo de las competencias LIFEComp.<\/p>\n<p>Con esto en mente, trabajamos para lograr objetivos espec\u00edficos, incluido el fomento de la ciudadan\u00eda activa entre los j\u00f3venes, la creaci\u00f3n de un enfoque de formaci\u00f3n multidimensional adaptable a los contextos locales, regionales y de la UE, y el suministro de pr\u00e1cticas y herramientas innovadoras, como la realizaci\u00f3n de pel\u00edculas y los juegos serios, a trav\u00e9s del \u00abarte de contar historias\u00bb.<\/p>\n<p>Nuestra metodolog\u00eda formativa se basa en los principios del aprendizaje activo, basado en retos y el constructivismo social. Con un enfoque centrado en el alumno enriquecido por la narraci\u00f3n participativa y digital, entregamos contenido altamente motivador e interactivo en modalidad online, adoptando formas de aprendizaje semipresencial (presencial y online).<\/p>\n<p>Nuestro compromiso sigue siendo una prioridad clave para la Comisi\u00f3n Europea, con especial atenci\u00f3n a las cuestiones medioambientales y de sostenibilidad. Creemos que nuestro proyecto es innovador, introduciendo una nueva metodolog\u00eda de formaci\u00f3n que promueve la ciudadan\u00eda activa y la conciencia de sostenibilidad a trav\u00e9s del desarrollo de las competencias LIFEComp, vinculadas con medios creativos como el cine, el gaming y la narraci\u00f3n de historias.<\/p>\n<p>Mientras tanto, dado que todos los eventos multiplicadores se est\u00e1n llevando a cabo en las diversas organizaciones asociadas involucradas, nos gustar\u00eda expresar nuestra gratitud a los participantes y a todas las partes interesadas por sus valiosas contribuciones.<\/p>\n<p>Agradecemos a cada uno de ustedes por su continuo apoyo y los mantendremos informados sobre los desarrollos futuros de este emocionante proyecto.<\/p>\n<p>&nbsp;<\/p>\n<p>Saludos<\/p>\n<p>El equipo de \u00abActiveYouth4Life\u00bb<\/p>\n<p><img loading=\"lazy\" decoding=\"async\" class=\"alignnone size-medium wp-image-1261\" src=\"https:\/\/activeyouth4life.eu\/wp-content\/uploads\/2023\/12\/AY4L-300x225.jpeg\" alt=\"\" width=\"300\" height=\"225\" srcset=\"https:\/\/activeyouth4life.eu\/wp-content\/uploads\/2023\/12\/AY4L-300x225.jpeg 300w, https:\/\/activeyouth4life.eu\/wp-content\/uploads\/2023\/12\/AY4L-1024x768.jpeg 1024w, https:\/\/activeyouth4life.eu\/wp-content\/uploads\/2023\/12\/AY4L-768x576.jpeg 768w, https:\/\/activeyouth4life.eu\/wp-content\/uploads\/2023\/12\/AY4L-1536x1152.jpeg 1536w, https:\/\/activeyouth4life.eu\/wp-content\/uploads\/2023\/12\/AY4L.jpeg 2048w\" sizes=\"(max-width: 300px) 100vw, 300px\" \/><\/p>\n<p>&nbsp;<\/p>\n","protected":false},"excerpt":{"rendered":"<p>Estamos encantados de compartir con vosotros las \u00faltimas novedades del proyecto Erasmus Plus \u00abActive Youth 4 Life\u00bb. Del 30 de noviembre al 1 de diciembre de 2023, los socios del proyecto se reunieron en Virginia para el TPM final, un momento emocionante en el que se ultimaron los detalles de las actividades restantes. Durante esta [&hellip;]<\/p>\n","protected":false},"author":1,"featured_media":1287,"comment_status":"closed","ping_status":"open","sticky":false,"template":"","format":"standard","meta":{"footnotes":""},"categories":[30],"tags":[],"class_list":["post-1286","post","type-post","status-publish","format-standard","has-post-thumbnail","hentry","category-news-es"],"_links":{"self":[{"href":"https:\/\/activeyouth4life.eu\/es\/wp-json\/wp\/v2\/posts\/1286","targetHints":{"allow":["GET"]}}],"collection":[{"href":"https:\/\/activeyouth4life.eu\/es\/wp-json\/wp\/v2\/posts"}],"about":[{"href":"https:\/\/activeyouth4life.eu\/es\/wp-json\/wp\/v2\/types\/post"}],"author":[{"embeddable":true,"href":"https:\/\/activeyouth4life.eu\/es\/wp-json\/wp\/v2\/users\/1"}],"replies":[{"embeddable":true,"href":"https:\/\/activeyouth4life.eu\/es\/wp-json\/wp\/v2\/comments?post=1286"}],"version-history":[{"count":1,"href":"https:\/\/activeyouth4life.eu\/es\/wp-json\/wp\/v2\/posts\/1286\/revisions"}],"predecessor-version":[{"id":1292,"href":"https:\/\/activeyouth4life.eu\/es\/wp-json\/wp\/v2\/posts\/1286\/revisions\/1292"}],"wp:featuredmedia":[{"embeddable":true,"href":"https:\/\/activeyouth4life.eu\/es\/wp-json\/wp\/v2\/media\/1287"}],"wp:attachment":[{"href":"https:\/\/activeyouth4life.eu\/es\/wp-json\/wp\/v2\/media?parent=1286"}],"wp:term":[{"taxonomy":"category","embeddable":true,"href":"https:\/\/activeyouth4life.eu\/es\/wp-json\/wp\/v2\/categories?post=1286"},{"taxonomy":"post_tag","embeddable":true,"href":"https:\/\/activeyouth4life.eu\/es\/wp-json\/wp\/v2\/tags?post=1286"}],"curies":[{"name":"wp","href":"https:\/\/api.w.org\/{rel}","templated":true}]}}