{"id":1379,"date":"2024-01-31T08:31:19","date_gmt":"2024-01-31T06:31:19","guid":{"rendered":"https:\/\/activeyouth4life.eu\/1st-newsletter-active-youth-4-life-in-a-nutshell\/"},"modified":"2026-02-13T13:21:45","modified_gmt":"2026-02-13T11:21:45","slug":"1st-newsletter-active-youth-4-life-in-a-nutshell","status":"publish","type":"post","link":"https:\/\/activeyouth4life.eu\/es\/1st-newsletter-active-youth-4-life-in-a-nutshell\/","title":{"rendered":"1er Bolet\u00edn: ACTIVE YOUTH 4 LIFE EN POCAS PALABRAS"},"content":{"rendered":"<p>El proyecto \u201cActive Youth 4 Life\u201d financiado bajo el programa Erasmus+ KA2 &#8211; Cooperaci\u00f3n Asociaciones en Juventud KA220, se centra en la formaci\u00f3n de j\u00f3venes ciudadanos activos, pero tambi\u00e9n agentes de cambio para el medio ambiente y el desarrollo sostenible. Tres organizaciones sin \u00e1nimo de lucro, un centro de investigaci\u00f3n y desarrollo, una empresa privada y un agregador de personas y empresas de Espa\u00f1a, Italia, Irlanda, Grecia, Chipre y Bosnia y Herzegovina se han unido para llevar a cabo este proyecto con un objetivo com\u00fan: Aplicar un enfoque hol\u00edstico, dirigido tanto a trabajadores juveniles, formadores, educadores y j\u00f3venes, a fin de proporcionar nuevos medios alternativos e inspiradores para involucrar a los j\u00f3venes y cultivar su mentalidad de ciudadan\u00eda activa, para que puedan actuar como ciudadanos responsables, adoptando estilos de vida sostenibles y asumiendo la responsabilidad ambiental, aprovechando su potencial din\u00e1mico para enfrentar la complejidad como individuos\/ciudadanos activos. \u00bfC\u00f3mo lograremos estos resultados? De acuerdo con uno<br \/>\nde los principios fundamentales del proyecto, se proporcionar\u00e1n pr\u00e1cticas y herramientas innovadoras, como la realizaci\u00f3n de pel\u00edculas y los juegos serios a trav\u00e9s del \u00abarte de contar historias\u00bb, con el fin de preparar a educadores, formadores, trabajadores juveniles y j\u00f3venes para que se conviertan en verdaderos agentes. de cambio a trav\u00e9s del cultivo de habilidades LIFECOMP.<\/p>\n<p>\u00bfPor qu\u00e9 es importante?<\/p>\n<p>La \u00e9poca que vivimos se caracteriza por el alejamiento de los j\u00f3venes de la participaci\u00f3n en la vida social, pero tambi\u00e9n por el inmenso problema del cambio clim\u00e1tico. Las consecuencias de la crisis medioambiental se pueden observar en muy diferentes aspectos y por ello es urgente actua ahora para hacer frente a los problemas del cambio clim\u00e1tico. Los j\u00f3venes, que son el futuro de nuestra sociedad, est\u00e1n llamados a ser los principales actores de esta reacci\u00f3n, de este cambio de h\u00e1bitos para crear una vida cotidiana m\u00e1s sostenible y tratar de prevenir al m\u00e1ximo los efectos secundarios del cambio clim\u00e1tico. Por ello, es muy importante formar ciudadanos activos, conscientes de los problemas de la sociedad y dispuestos a intentar cambiar las cosas.<\/p>\n<p>Las herramientas escogidas para llevar a cabo este proyecto y lograr el objetivo planteado est\u00e1n asociadas a la conciencia de que en 2022 los j\u00f3venes recibir\u00e1n gran parte de su educaci\u00f3n, informaci\u00f3n y entretenimiento a trav\u00e9s de tel\u00e9fonos, notebooks, iPads y televisores. El cine, dadas estas premisas, puede ser capaz, con seguridad y eficacia, de explorar temas sensibles, de aumentar la confianza de los j\u00f3venes, pero tambi\u00e9n el sentimiento de solidaridad y cooperaci\u00f3n entre ellos. As\u00ed se hace posible crear un espacio comunitario virtual para promover el di\u00e1logo y la colaboraci\u00f3n entre los j\u00f3venes, motiv\u00e1ndolos a tomar iniciativas hacia un objetivo com\u00fan: c\u00f3mo actuar contra el cambio clim\u00e1tico.<\/p>\n<p>Donde nos encontramos ahora&#8230;<\/p>\n<p>Active Youth 4 Life se implementar\u00e1 en los a\u00f1os 2022-2024. El proyecto ya est\u00e1 en desarrollo y ya se han realizado dos reuniones: la primera en abril de 2022 en Espa\u00f1a y la segunda en octubre de 2022 en Chipre. En la fase actual del proyecto, estamos comenzando a<br \/>\ndesarrollar enfoques educativos a trav\u00e9s del uso de diferentes t\u00e9cnicas -cine y salas de escape digitalespara mejorar la participaci\u00f3n c\u00edvica y la conciencia de los j\u00f3venes sobre el medio ambiente y la sostenibilidad.<\/p>\n<p><img loading=\"lazy\" decoding=\"async\" class=\"alignnone wp-image-1330 size-full\" src=\"https:\/\/activeyouth4life.eu\/wp-content\/uploads\/2024\/01\/2.png\" alt=\"\" width=\"552\" height=\"597\" srcset=\"https:\/\/activeyouth4life.eu\/wp-content\/uploads\/2024\/01\/2.png 552w, https:\/\/activeyouth4life.eu\/wp-content\/uploads\/2024\/01\/2-277x300.png 277w\" sizes=\"(max-width: 552px) 100vw, 552px\" \/><\/p>\n<p>&nbsp;<\/p>\n","protected":false},"excerpt":{"rendered":"<p>El proyecto \u201cActive Youth 4 Life\u201d financiado bajo el programa Erasmus+ KA2 &#8211; Cooperaci\u00f3n Asociaciones en Juventud KA220, se centra en la formaci\u00f3n de j\u00f3venes ciudadanos activos, pero tambi\u00e9n agentes de cambio para el medio ambiente y el desarrollo sostenible. Tres organizaciones sin \u00e1nimo de lucro, un centro de investigaci\u00f3n y desarrollo, una empresa privada [&hellip;]<\/p>\n","protected":false},"author":1,"featured_media":1329,"comment_status":"closed","ping_status":"closed","sticky":false,"template":"","format":"standard","meta":{"footnotes":""},"categories":[33],"tags":[],"class_list":["post-1379","post","type-post","status-publish","format-standard","has-post-thumbnail","hentry","category-news-es-2"],"_links":{"self":[{"href":"https:\/\/activeyouth4life.eu\/es\/wp-json\/wp\/v2\/posts\/1379","targetHints":{"allow":["GET"]}}],"collection":[{"href":"https:\/\/activeyouth4life.eu\/es\/wp-json\/wp\/v2\/posts"}],"about":[{"href":"https:\/\/activeyouth4life.eu\/es\/wp-json\/wp\/v2\/types\/post"}],"author":[{"embeddable":true,"href":"https:\/\/activeyouth4life.eu\/es\/wp-json\/wp\/v2\/users\/1"}],"replies":[{"embeddable":true,"href":"https:\/\/activeyouth4life.eu\/es\/wp-json\/wp\/v2\/comments?post=1379"}],"version-history":[{"count":2,"href":"https:\/\/activeyouth4life.eu\/es\/wp-json\/wp\/v2\/posts\/1379\/revisions"}],"predecessor-version":[{"id":1517,"href":"https:\/\/activeyouth4life.eu\/es\/wp-json\/wp\/v2\/posts\/1379\/revisions\/1517"}],"wp:featuredmedia":[{"embeddable":true,"href":"https:\/\/activeyouth4life.eu\/es\/wp-json\/wp\/v2\/media\/1329"}],"wp:attachment":[{"href":"https:\/\/activeyouth4life.eu\/es\/wp-json\/wp\/v2\/media?parent=1379"}],"wp:term":[{"taxonomy":"category","embeddable":true,"href":"https:\/\/activeyouth4life.eu\/es\/wp-json\/wp\/v2\/categories?post=1379"},{"taxonomy":"post_tag","embeddable":true,"href":"https:\/\/activeyouth4life.eu\/es\/wp-json\/wp\/v2\/tags?post=1379"}],"curies":[{"name":"wp","href":"https:\/\/api.w.org\/{rel}","templated":true}]}}